{"id":327,"date":"2020-12-28T21:51:05","date_gmt":"2020-12-28T21:51:05","guid":{"rendered":"https:\/\/castanicoltori.ch\/?p=327"},"modified":"2021-02-04T20:48:24","modified_gmt":"2021-02-04T20:48:24","slug":"falo-3-12-2020-il-futuro-del-castagno","status":"publish","type":"post","link":"https:\/\/castanicoltori.ch\/?p=327","title":{"rendered":"Fal\u00f2 3.12.2020 Il futuro del castagno"},"content":{"rendered":"<h1 class=\"xuggoc-2 hLdzbO\">Il futuro del castagno<\/h1>\n<p class=\"xuggoc-3 feCFvz\">Lo chiamavano l\u2019albero del pane perch\u00e9 dava da mangiare alle popolazioni rurali della Svizzera italiana. Certo, il castagno non cresce solo a Sud delle Alpi, ma alle nostre latitudini era davvero una risorsa fondamentale. E oggi come \u00e8 messo? In genere se ne parla durante l\u2019autunno in occasione della raccolta dei frutti, per poter dire se \u00e8 stata una buona o una cattiva annata. Ma questo risultato non dipende tanto dalla generosit\u00e0 della natura, ma piuttosto da una moltitudine di fattori, quasi tutti legati alle attivit\u00e0 umane. Ebbene, nonostante ci accompagni da millenni, oggi l&#8217;albero del pane \u00e8 fragile. In tempi recenti ha sofferto la siccit\u00e0 e l\u2019aggressione di funghi e parassiti. Ma \u00e8 stato anche curato, numerose selve sono state recuperate, specie antiche reintrodotte. Entrando in questo mondo si scopre, non senza una certa sorpresa, che la Svizzera italiana \u00e8 davvero legata a questo albero ed \u00e8 decisa a garantirne l\u2019esistenza senza trasformarlo in una nostalgica reliquia.<\/p>\n<p class=\"xuggoc-3 feCFvz\">Fal\u00f2 3.12.2020 Il futuro del castagno<\/p>\n<p>&nbsp;<\/p>\n<p><iframe width=\"560\" height=\"315\" src=\"https:\/\/rsi.ch\/play\/embed?urn=urn:rsi:video:13653838\" allowfullscreen allow=\"geolocation *; autoplay; encrypted-media\"><\/iframe><\/p>\n","protected":false},"excerpt":{"rendered":"<p>Il futuro del castagno Lo chiamavano l\u2019albero del pane perch\u00e9 [&hellip;]<\/p>\n","protected":false},"author":5,"featured_media":272,"comment_status":"closed","ping_status":"closed","sticky":false,"template":"","format":"link","meta":[],"categories":[5],"tags":[9],"_links":{"self":[{"href":"https:\/\/castanicoltori.ch\/index.php?rest_route=\/wp\/v2\/posts\/327"}],"collection":[{"href":"https:\/\/castanicoltori.ch\/index.php?rest_route=\/wp\/v2\/posts"}],"about":[{"href":"https:\/\/castanicoltori.ch\/index.php?rest_route=\/wp\/v2\/types\/post"}],"author":[{"embeddable":true,"href":"https:\/\/castanicoltori.ch\/index.php?rest_route=\/wp\/v2\/users\/5"}],"replies":[{"embeddable":true,"href":"https:\/\/castanicoltori.ch\/index.php?rest_route=%2Fwp%2Fv2%2Fcomments&post=327"}],"version-history":[{"count":7,"href":"https:\/\/castanicoltori.ch\/index.php?rest_route=\/wp\/v2\/posts\/327\/revisions"}],"predecessor-version":[{"id":338,"href":"https:\/\/castanicoltori.ch\/index.php?rest_route=\/wp\/v2\/posts\/327\/revisions\/338"}],"wp:featuredmedia":[{"embeddable":true,"href":"https:\/\/castanicoltori.ch\/index.php?rest_route=\/wp\/v2\/media\/272"}],"wp:attachment":[{"href":"https:\/\/castanicoltori.ch\/index.php?rest_route=%2Fwp%2Fv2%2Fmedia&parent=327"}],"wp:term":[{"taxonomy":"category","embeddable":true,"href":"https:\/\/castanicoltori.ch\/index.php?rest_route=%2Fwp%2Fv2%2Fcategories&post=327"},{"taxonomy":"post_tag","embeddable":true,"href":"https:\/\/castanicoltori.ch\/index.php?rest_route=%2Fwp%2Fv2%2Ftags&post=327"}],"curies":[{"name":"wp","href":"https:\/\/api.w.org\/{rel}","templated":true}]}}