{"id":506,"date":"2022-08-30T07:33:23","date_gmt":"2022-08-30T07:33:23","guid":{"rendered":"https:\/\/castanicoltori.ch\/?p=506"},"modified":"2022-08-30T07:35:37","modified_gmt":"2022-08-30T07:35:37","slug":"il-premio-schulthess-per-i-giardini-2022-il-comunicato-stampa","status":"publish","type":"post","link":"https:\/\/castanicoltori.ch\/?p=506","title":{"rendered":"Il Premio Schulthess per i giardini 2022: il comunicato stampa con le motivazioni dell&#8217;attribuzione del premio"},"content":{"rendered":"<p style=\"font-weight: 400;\"><strong>Il Premio Schulthess per i giardini 2022 rende onore al recupero della cultura del castagno nella Svizzera italiana<\/strong><\/p>\n<p style=\"font-weight: 400;\"><em>Senza le cure opportune, in pochi anni i castagneti si trasformerebbero in boschi densi di altra vegetazione. Alla salvaguardia della ricca tradizione culturale legata al castagno e alle selve castanili, si impegnano numerosi privati, istituzioni pubbliche e imprese). Per omaggiare tale impegno, Patrimonio svizzero conferisce il Premio Schulthess 2022 all\u2019Associazione dei castanicoltori della Svizzera italiana che, dal 1999, unisce forze e sinergie nel promuovere la cultura del castagno.<\/em><\/p>\n<p style=\"font-weight: 400;\">Nella Svizzera italiana, l\u2019albero del castagno fa parte della tradizione. Con l\u2019arrivo dell\u2019autunno le selve diventano un vero e proprio polo di attrazione: sono molti infatti i visitatori, da vicino e da lontano, che si addentrano nei boschi per raccogliere castagne, passeggiare nella natura o partecipare alle feste che animano questo particolare periodo dell\u2019anno.<\/p>\n<p style=\"font-weight: 400;\">In realt\u00e0, non \u00e8 per nulla ovvio che le antiche tradizioni continuino a essere sentite e vissute sino ai giorni nostri. Ci\u00f2 vale anche per la cultura del castagno, legata a un impegno immenso e a tanto lavoro fisico. A partire dal secondo dopoguerra, la cura delle selve castanili era andata cadendo sempre pi\u00f9 nel dimenticatoio. Il fatto di non dover pi\u00f9 dipendere da un albero che, lungo il corso dei secoli, aveva garantito la sussistenza di intere famiglie, cadenzando i ritmi della quotidianit\u00e0, era considerato un segno tangibile del progresso verso un maggiore benessere.<\/p>\n<p style=\"font-weight: 400;\"><strong>Riscoprire il castagno e la sua cultura<\/strong><\/p>\n<p style=\"font-weight: 400;\">Negli anni Ottanta, tuttavia, si resero manifeste le prime attivit\u00e0 atte a porre freno al progressivo inselvatichirsi dei castagneti e a rimediare a quella che andava via via delineandosi come una perdita delle tradizioni. Fu allora che videro la luce alcuni progetti volti al recupero delle selve; in molte localit\u00e0 furono lanciate iniziative per la promozione del castagno e anche la mano pubblica offr\u00ec varie opportunit\u00e0 per sostenere un impegno in tal senso.<\/p>\n<p style=\"font-weight: 400;\">Con questa collaborazione, avviata su pi\u00f9 fronti, \u00e8 stato possibile ampliare lo sguardo. Oggi le selve castanili si sono trasformate in zone ricreative di prossimit\u00e0, attrazioni turistiche e habitat con una ricca biodiversit\u00e0. Attraverso la cura dei paesaggi culturali e lo sviluppo di prodotti innovativi si sono riscoperte le tradizioni, e la castagna \u00e8 tornata a offrire opportunit\u00e0 di guadagno.<\/p>\n<p style=\"font-weight: 400;\">L\u2019Associazione dei castanicoltori della Svizzera italiana, attiva dal 1999, riunisce una rete di privati, istituzioni pubbliche e imprese. Essa funge da piattaforma e permette di condividere il sapere che ruota attorno alla cultura del castagno e di cui i Cantoni Grigioni e Ticino fanno tesoro.<\/p>\n<p style=\"font-weight: 400;\">Simbolo dell\u2019attivit\u00e0 portata avanti dall\u2019Associazione sono le due selve castanili di Cademario e di Biasca, in cui tutte le pi\u00f9 note e antiche variet\u00e0 ticinesi sono riunite e tutelate come patrimonio genetico futuro. Il sapere raccolto attraverso la rete va a beneficio delle organizzazioni impegnate nel promuovere la castanicoltura anche in altri cantoni del nostro Paese.<\/p>\n<p style=\"font-weight: 400;\">Patrimonio svizzero conferisce il Premio Schulthess all\u2019Associazione dei castanicoltori della Svizzera italiana. Il Premio rende onore al grande impegno profuso dall\u2019Associazione e al prezioso lavoro svolto da privati, istituzioni e imprese che si adoperano in Svizzera affinch\u00e9 la cultura del castagno sia mantenuta, valorizzata e ampliata.<\/p>\n<p style=\"font-weight: 400;\">La cerimonia per il conferimento del Premio si terr\u00e0 sabato, 22 ottobre 2022 a Cademario, nel Cantone Ticino.<\/p>\n<p style=\"font-weight: 400;\"><strong>Per informazioni e domande<\/strong><\/p>\n<p style=\"font-weight: 400;\">Patrimonio svizzero: Patrick Schoeck, responsabile Cultura architettonica<\/p>\n<p style=\"font-weight: 400;\">079 758 50 60, <a href=\"mailto:patrick.schoeck@heimatschutz.ch\">patrick.schoeck@heimatschutz.ch<\/a> (D)<\/p>\n<p style=\"font-weight: 400;\">Patrimonio svizzero: Stefania Boggian, responsabile progetto Cultura architettonica<\/p>\n<p style=\"font-weight: 400;\">044 254 57 14, <a href=\"mailto:stefania.boggian@heimatschutz.ch\">stefania.boggian@heimatschutz.ch<\/a> (F\/I)<\/p>\n<p style=\"font-weight: 400;\">Associazione dei castanicoltori della Svizzera italiana: Giorgio Moretti, presidente<\/p>\n<p style=\"font-weight: 400;\">079 472 58 03, <a href=\"mailto:fam_moretti@bluewin.ch\">fam_moretti@bluewin.ch<\/a>, <a href=\"http:\/\/www.castanicoltori.ch\/\">www.castanicoltori.ch<\/a><\/p>\n<p style=\"font-weight: 400;\"><strong><br \/>\nApprofondimenti e materiale fotografico al sito: <a href=\"http:\/\/www.patrimoniosvizzero.ch\/premio-schulthess-per-i-giardini\">www.patrimoniosvizzero.ch\/premio-schulthess-per-i-giardini<\/a><\/strong><\/p>\n<p style=\"font-weight: 400;\"><strong>Pubblicazione di accompagnamento al Premio Schulthess 2022<\/strong><\/p>\n<p style=\"font-weight: 400;\">La pubblicazione relativa al Premio Schulthess 2022, ricca di informazioni e illustrazioni, pu\u00f2 essere ordinata su: <a href=\"http:\/\/www.heimatschutz.ch\/shop\">www.heimatschutz.ch\/shop<\/a> (prezzo pieno CHF 10.-, per i membri di Patrimonio svizzero CHF 5.-).<\/p>\n<p>&nbsp;<\/p>\n<p style=\"font-weight: 400;\"><strong><em>Premio Schulthess per i giardini<\/em><\/strong><\/p>\n<p style=\"font-weight: 400;\"><em>Patrimonio svizzero conferisce il Premio Schulthess dal 1998 per ricompensare prestazioni eccezionali nell\u2019ambito della cultura dei giardini. Sono premiate la cura e la manutenzione di giardini e parchi storici, come pure la realizzazione di spazi verdi contemporanei di grande qualit\u00e0. ll Premio, pari a un importo di CHF 25 000.-, \u00e8 generosamente offerto dai coniugi Georg e Marianne von Schulthess-Schweizer di Rheinfelden.\u00a0\u00a0 <\/em><\/p>\n<p style=\"font-weight: 400;\">\n","protected":false},"excerpt":{"rendered":"<p>Il Premio Schulthess per i giardini 2022 rende onore al [&hellip;]<\/p>\n","protected":false},"author":6,"featured_media":510,"comment_status":"closed","ping_status":"closed","sticky":false,"template":"","format":"standard","meta":[],"categories":[4,1],"tags":[],"_links":{"self":[{"href":"https:\/\/castanicoltori.ch\/index.php?rest_route=\/wp\/v2\/posts\/506"}],"collection":[{"href":"https:\/\/castanicoltori.ch\/index.php?rest_route=\/wp\/v2\/posts"}],"about":[{"href":"https:\/\/castanicoltori.ch\/index.php?rest_route=\/wp\/v2\/types\/post"}],"author":[{"embeddable":true,"href":"https:\/\/castanicoltori.ch\/index.php?rest_route=\/wp\/v2\/users\/6"}],"replies":[{"embeddable":true,"href":"https:\/\/castanicoltori.ch\/index.php?rest_route=%2Fwp%2Fv2%2Fcomments&post=506"}],"version-history":[{"count":6,"href":"https:\/\/castanicoltori.ch\/index.php?rest_route=\/wp\/v2\/posts\/506\/revisions"}],"predecessor-version":[{"id":514,"href":"https:\/\/castanicoltori.ch\/index.php?rest_route=\/wp\/v2\/posts\/506\/revisions\/514"}],"wp:featuredmedia":[{"embeddable":true,"href":"https:\/\/castanicoltori.ch\/index.php?rest_route=\/wp\/v2\/media\/510"}],"wp:attachment":[{"href":"https:\/\/castanicoltori.ch\/index.php?rest_route=%2Fwp%2Fv2%2Fmedia&parent=506"}],"wp:term":[{"taxonomy":"category","embeddable":true,"href":"https:\/\/castanicoltori.ch\/index.php?rest_route=%2Fwp%2Fv2%2Fcategories&post=506"},{"taxonomy":"post_tag","embeddable":true,"href":"https:\/\/castanicoltori.ch\/index.php?rest_route=%2Fwp%2Fv2%2Ftags&post=506"}],"curies":[{"name":"wp","href":"https:\/\/api.w.org\/{rel}","templated":true}]}}